{"id":572,"date":"2021-09-11T14:47:18","date_gmt":"2021-09-11T12:47:18","guid":{"rendered":"https:\/\/www.ecavraca.sk\/?p=572"},"modified":"2022-04-01T10:35:05","modified_gmt":"2022-04-01T08:35:05","slug":"zapis-na-konfirmaciu","status":"publish","type":"post","link":"https:\/\/ecavraca.sk\/?p=572","title":{"rendered":"Z\u00e1pis na konfirm\u00e1ciu"},"content":{"rendered":"<p>Mil\u00ed bratia, drah\u00e9 sestry,<\/p>\n<p>konfirma\u010dn\u00e1 pr\u00edprava za\u010d\u00edna vo veku 12 r.. Popros\u00edm, nako\u013eko n\u00e1s ovplynila COVID situ\u00e1cia, ak je mo\u017en\u00e9, ktor\u00ed ste u\u017e prihl\u00e1sen\u00ed z minul\u00e9ho roka do 1.r. a tie\u017e prihl\u00e1sen\u00ed v minul\u00fa sobotu i n\u00e1dejn\u00ed konfirmandi, o\u00a0 stretnutie v sobotu 25.09.2021 o 13,00 v kostole v Ra\u010di. Prip\u00e1jam aj prihl\u00e1\u0161ku.<\/p>\n<p>Te\u0161\u00edm sa na stretnutie a prajem bezstresov\u00e9 dni.<\/p>\n<p>R. Harga\u0161, ev.a.v. fara Ra\u010da<\/p>\n<p><u>Cirkevn\u00fd<\/u> <u>zbor<\/u> <u>Evanjelickej<\/u> <u>cirkvi<\/u> <u>a<\/u><u>.<\/u><u>v<\/u><u>. <\/u><u>na<\/u> <u>Slovensku<\/u><u> BA &#8211; Ra<\/u><u>\u010d<\/u><u>a<\/u><\/p>\n<p><strong><em>Z\u00e1pis na konfirma\u010dn\u00fa pr\u00edpravu <\/em><\/strong><\/p>\n<p>Meno katechumena:\u2026\u2026\u2026\u2026\u2026\u2026\u2026\u2026\u2026\u2026\u2026&#8230;&#8230;&#8230;&#8230;&#8230;&#8230;&#8230;&#8230;&#8230;&#8230;&#8230;&#8230;&#8230;&#8230;&#8230;&#8230;.<\/p>\n<p>D\u00e1tum a miesto narodenia: \u2026\u2026\u2026\u2026\u2026\u2026\u2026\u2026\u2026\u2026\u2026\u2026&#8230;&#8230;&#8230;&#8230;&#8230;&#8230;&#8230;&#8230;&#8230;&#8230;&#8230;&#8230;&#8230;&#8230;&#8230;&#8230;&#8230;..<\/p>\n<p>D\u00e1tum a miesto krstu:\u2026\u2026\u2026\u2026\u2026\u2026\u2026\u2026\u2026\u2026\u2026&#8230;&#8230;&#8230;&#8230;&#8230;&#8230;&#8230;&#8230;&#8230;&#8230;&#8230;&#8230;&#8230;&#8230;&#8230;&#8230;&#8230;&#8230;&#8230;&#8230;&#8230;&#8230;<\/p>\n<p>Trval\u00e9 bydlisko:\u2026\u2026\u2026\u2026\u2026\u2026\u2026\u2026\u2026\u2026\u2026&#8230;&#8230;&#8230;&#8230;&#8230;&#8230;&#8230;&#8230;&#8230;&#8230;&#8230;&#8230;&#8230;&#8230;&#8230;&#8230;&#8230;&#8230;&#8230;&#8230;&#8230;&#8230;&#8230;&#8230;&#8230;&#8230;&#8230;&#8230;<\/p>\n<p>Telef\u00f3nne \u010d\u00edslo, e-mail rodi\u010dov:\u2026\u2026\u2026\u2026\u2026\u2026\u2026\u2026\u2026\u2026\u2026&#8230;&#8230;&#8230;&#8230;&#8230;&#8230;&#8230;&#8230;&#8230;&#8230;&#8230;&#8230;&#8230;&#8230;&#8230;&#8230;&#8230;&#8230;&#8230;&#8230;<\/p>\n<p>Telef\u00f3nne \u010d\u00edslo e-mail katechumena:&#8230;&#8230;&#8230;&#8230;&#8230;&#8230;&#8230;&#8230;&#8230;&#8230;&#8230;&#8230;&#8230;&#8230;&#8230;&#8230;&#8230;&#8230;&#8230;&#8230;&#8230;&#8230;&#8230;&#8230;&#8230;&#8230;&#8230;&#8230;..<\/p>\n<p>\u0160kola, ktor\u00fa nav\u0161tevuje, ro\u010dn\u00edk, trieda:\u2026\u2026\u2026\u2026\u2026\u2026\u2026\u2026\u2026\u2026\u2026&#8230;&#8230;&#8230;&#8230;&#8230;&#8230;&#8230;&#8230;&#8230;&#8230;&#8230;&#8230;&#8230;&#8230;&#8230;&#8230;<\/p>\n<p>V ktor\u00fdch ro\u010dn\u00edkoch nav\u0161tevoval ev.a.v. n\u00e1bo\u017eenstvo:\u2026\u2026\u2026\u2026\u2026\u2026\u2026\u2026\u2026\u2026\u2026&#8230;&#8230;&#8230;&#8230;&#8230;&#8230;&#8230;&#8230;<\/p>\n<p><u>Meno rodi\u010dov<\/u>: Otec:\u2026\u2026\u2026\u2026\u2026\u2026\u2026\u2026\u2026\u2026\u2026&#8230;&#8230;&#8230;&#8230;&#8230;&#8230;&#8230;&#8230;&#8230;&#8230;&#8230;&#8230;&#8230;. Vyznanie:\u2026\u2026\u2026\u2026\u2026..<\/p>\n<p>Matka:\u2026\u2026\u2026\u2026\u2026\u2026\u2026\u2026\u2026\u2026\u2026&#8230;&#8230;&#8230;&#8230;&#8230;&#8230;&#8230;. rod.:..\u2026\u2026\u2026\u2026\u2026\u2026\u2026\u2026. Vyznanie:\u2026\u2026\u2026\u2026\u2026..<\/p>\n<p>Miesto cirkevn\u00e9ho sob\u00e1\u0161a (po\u017eehnania man\u017eelstva):\u2026\u2026\u2026\u2026\u2026\u2026\u2026\u2026\u2026\u2026&#8230;&#8230;&#8230;&#8230;&#8230;&#8230;&#8230;&#8230;&#8230;..<\/p>\n<p><u>Krstn\u00ed rodi\u010dia<\/u>: Otec:\u2026\u2026\u2026\u2026\u2026\u2026\u2026\u2026\u2026\u2026\u2026&#8230;&#8230;&#8230;&#8230;&#8230;&#8230;&#8230;&#8230;&#8230;&#8230;&#8230;&#8230;&#8230;.. Vyznanie:\u2026\u2026\u2026\u2026\u2026..<\/p>\n<p>Matka:\u2026\u2026\u2026\u2026\u2026\u2026\u2026\u2026\u2026\u2026\u2026&#8230;&#8230;&#8230;&#8230;&#8230;&#8230;&#8230;. rod.:..\u2026\u2026\u2026\u2026\u2026\u2026\u2026\u2026. Vyznanie:\u2026\u2026\u2026\u2026\u2026..<\/p>\n<p>Rodi\u010dia svojim podpisom potvrdzuj\u00fa, \u017ee ich die\u0165a sa bude konfirma\u010dnej pr\u00edpravy z\u00fa\u010dast\u0148ova\u0165 pravidelne. Tie\u017e s\u00fahlas\u00edme v\u00a0zmysle z\u00e1kona so spracovan\u00edm a\u00a0archivovan\u00edm osobn\u00fdch \u00fadajov.<\/p>\n<p>V \u2026\u2026\u2026\u2026\u2026\u2026\u2026\u2026\u2026\u2026&#8230;&#8230;&#8230;&#8230;&#8230;.\u2026\u2026 d\u0148a:\u2026\u2026\u2026\u2026\u2026\u2026\u2026\u2026\u2026\u2026\u2026&#8230;.<\/p>\n<p>\u2026\u2026\u2026\u2026\u2026\u2026\u2026\u2026\u2026\u2026\u2026\u2026\u2026\u2026\u2026\u2026\u2026\u2026\u2026&#8230;&#8230;&#8230;&#8230;..<\/p>\n<p><em>podpis rodi\u010dov<\/em><\/p>\n","protected":false},"excerpt":{"rendered":"<p>Mil\u00ed bratia, drah\u00e9 sestry, konfirma\u010dn\u00e1 pr\u00edprava za\u010d\u00edna vo veku 12 r.. Popros\u00edm, nako\u013eko n\u00e1s ovplynila COVID situ\u00e1cia, ak je mo\u017en\u00e9, ktor\u00ed ste u\u017e prihl\u00e1sen\u00ed z minul\u00e9ho roka do 1.r. a tie\u017e prihl\u00e1sen\u00ed v minul\u00fa sobotu i n\u00e1dejn\u00ed konfirmandi,&#8230; <a class=\"read-more\" href=\"https:\/\/ecavraca.sk\/?p=572\">Read More<\/a><\/p>\n","protected":false},"author":2,"featured_media":0,"comment_status":"closed","ping_status":"open","sticky":false,"template":"","format":"standard","meta":{"footnotes":""},"categories":[1],"tags":[],"class_list":["post-572","post","type-post","status-publish","format-standard","hentry","category-nezaradene","no-comments"],"_links":{"self":[{"href":"https:\/\/ecavraca.sk\/index.php?rest_route=\/wp\/v2\/posts\/572","targetHints":{"allow":["GET"]}}],"collection":[{"href":"https:\/\/ecavraca.sk\/index.php?rest_route=\/wp\/v2\/posts"}],"about":[{"href":"https:\/\/ecavraca.sk\/index.php?rest_route=\/wp\/v2\/types\/post"}],"author":[{"embeddable":true,"href":"https:\/\/ecavraca.sk\/index.php?rest_route=\/wp\/v2\/users\/2"}],"replies":[{"embeddable":true,"href":"https:\/\/ecavraca.sk\/index.php?rest_route=%2Fwp%2Fv2%2Fcomments&post=572"}],"version-history":[{"count":3,"href":"https:\/\/ecavraca.sk\/index.php?rest_route=\/wp\/v2\/posts\/572\/revisions"}],"predecessor-version":[{"id":582,"href":"https:\/\/ecavraca.sk\/index.php?rest_route=\/wp\/v2\/posts\/572\/revisions\/582"}],"wp:attachment":[{"href":"https:\/\/ecavraca.sk\/index.php?rest_route=%2Fwp%2Fv2%2Fmedia&parent=572"}],"wp:term":[{"taxonomy":"category","embeddable":true,"href":"https:\/\/ecavraca.sk\/index.php?rest_route=%2Fwp%2Fv2%2Fcategories&post=572"},{"taxonomy":"post_tag","embeddable":true,"href":"https:\/\/ecavraca.sk\/index.php?rest_route=%2Fwp%2Fv2%2Ftags&post=572"}],"curies":[{"name":"wp","href":"https:\/\/api.w.org\/{rel}","templated":true}]}}